{"id":632,"date":"2013-03-17T22:45:59","date_gmt":"2013-03-17T21:45:59","guid":{"rendered":"http:\/\/tecnoeraser.es\/blog\/?p=632"},"modified":"2025-11-04T14:53:25","modified_gmt":"2025-11-04T13:53:25","slug":"gestion-de-residuos-plasticos","status":"publish","type":"post","link":"https:\/\/tecnoeraser.es\/blog\/gestion-de-residuos-plasticos\/","title":{"rendered":"Gesti\u00f3n de residuos pl\u00e1sticos"},"content":{"rendered":"<p style=\"text-align: center;\"><a href=\"http:\/\/tecnoeraser.es\/blog\/gestion-de-residuos-plasticos\/reciclar-plasticos\/\" rel=\"attachment wp-att-633\"><img loading=\"lazy\" decoding=\"async\" class=\"aligncenter size-medium wp-image-633\" title=\"Gesti\u00f3n de residuos pl\u00e1sticos\" src=\"\/\/tecnoeraser.es\/blog\/wp-content\/uploads\/2013\/03\/reciclar-plasticos-300x179.jpg\" alt=\"Gesti\u00f3n de residuos pl\u00e1sticos\" width=\"300\" height=\"179\" srcset=\"https:\/\/tecnoeraser.es\/blog\/wp-content\/uploads\/2013\/03\/reciclar-plasticos-300x179.jpg 300w, https:\/\/tecnoeraser.es\/blog\/wp-content\/uploads\/2013\/03\/reciclar-plasticos.jpg 668w\" sizes=\"auto, (max-width: 300px) 100vw, 300px\" \/><\/a><\/p>\n<p>Una vez que los pl\u00e1sticos han cumplido la misi\u00f3n para la que fueron creados, es decir, han finalizado su vida \u00fatil, nos desprendemos de ellos y pasan a formar parte del conjunto de residuos. En la \u00e9poca actual, los residuos del cualquier tipo entre los que se encuentran los <strong>residuos s\u00f3lidos<\/strong>, representan un factor importante en la degradaci\u00f3n medioambiental. La <strong>gesti\u00f3n de residuos pl\u00e1sticos<\/strong> debe hacerse siguiendo un estricto control.<\/p>\n<p>Toda la actividad de los seres vivos genera residuos, y en cuanto al hombre se refiere, el volumen de residuos generados est\u00e1 directamente relacionado con el grado de desarrollo y bienestar alcanzado por la sociedad en la que vive. As\u00ed, en los pa\u00edses industrializados y con un alto nivel de desarrollo el volumen de residuos ha aumentado de tal manera que la situaci\u00f3n ha llegado a ser cr\u00edtica, representando los residuos un capitulo m\u00e1s de la problem\u00e1tica de degradaci\u00f3n ambiental en que nos encontramos inmersos.<\/p>\n<p>Antiguamente el volumen de residuos generados era peque\u00f1o y la Naturaleza ten\u00eda capacidad para transformarlos y hacerlos desaparecer con el tiempo. Pero debido al incremento de la poblaci\u00f3n y sobre todo a la localizaci\u00f3n en zonas muy puntuales \u2013las ciudades- el volumen de residuos sobrepasa la capacidad de asimilaci\u00f3n de nuestro planeta.<\/p>\n<p>La acumulaci\u00f3n de residuos se debe fundamentalmente a dos causas. La primera el <em>excesivo consumismo<\/em> en el que nos ha introducido la cultura c\u00f3moda de \u201cusar y tirar\u201d, y la segunda a la aparici\u00f3n de <em> productos de s\u00edntesis <\/em>que la Naturaleza no puede degradar con la celeridad que ser\u00eda necesario, y que en ocasiones nunca los podr\u00e1 hacer desaparecer.<\/p>\n<p>Precisamente los pl\u00e1sticos al ser productos de s\u00edntesis son materiales muy resistentes y pr\u00e1cticamente inalterables a las condiciones medioambientales por lo que se presentan larga vida, y en el caso de estar depositados en vertederos, su permanencia en ellos es superior a la de otros materiales.<\/p>\n<p>De ellos, los residuos s\u00f3lidos urbanos (RSU) son los que contienen el mayor porcentaje de la producci\u00f3n total de pl\u00e1sticos, pues es el sector del envase el que consume m\u00e1s cantidad de estos materiales. Por esto centraremos los cap\u00edtulos relacionados con la <strong><a title=\"Reciclaje plasticos\" href=\"http:\/\/tecnoeraser.es\" target=\"_blank\">gesti\u00f3n de residuos pl\u00e1sticos<\/a><\/strong> en aquellos que proceden de los RSU, es decir de los pl\u00e1sticos postconsumo.<\/p>\n<p>Aparentemente mirando los <strong>residuos depositados en un vertedero<\/strong>, parece que los correspondientes a los pl\u00e1sticos son los m\u00e1s abundantes<\/p>\n<p>Pero en los RSU los pl\u00e1sticos tan s\u00f3lo aportan el 7% en peso aunque si se considera en volumen, su contribuci\u00f3n llega a ser el 20% del total de los residuos.<\/p>\n<p>Entonces \u00bfpor qu\u00e9 parece que la cantidad de pl\u00e1sticos presente en los residuos es mayor de la que hay realmente?.<\/p>\n<p>Varias son las causas que justifican este hecho. La <em>baja densidad <\/em>de los pl\u00e1sticos y el estar moldeados preferentemente en <em>formas huecas<\/em> hacen que sea f\u00e1cilmente desplazables del lugar donde fueron depositados y que aparezcan esparcidos a muchos metros del lugar de procedencia. Adem\u00e1s son materiales <em>muy visibles<\/em> por la vistosidad de los colores que se les incorporan y por \u00faltimo son materiales <em>muy resistentes <\/em>y pr\u00e1cticamente <em>inalterables <\/em>a las condiciones atmosf\u00e9ricas por lo que tienen una larga duraci\u00f3n, permaneciendo en los vertederos mayor tiempo que cualquier otro material.<\/p>\n<p>Todos los sectores de nuestra sociedad se interesan de manera creciente por los temas medioambientales, siendo el tema de los <strong>residuos s\u00f3lidos<\/strong> uno de los asuntos en los que tanto los <strong>consumidores de papel<\/strong> importante para alcanzar soluciones al mismo. Por su parte, al legislador le corresponde dictar las normas para <strong>gestionar dichos residuos<\/strong>, que marquen el ritmo en cuanto a cifras y obligatoriedad de cumplimiento de las mismas en todos los sectores productivos y de consumo.<\/p>\n<p>Encuestas realizadas entre consumidores de diferentes caracter\u00edsticas; nivel cultural, actividad cultural, lugar de residencia, diferente generaci\u00f3n, muestran actitudes positivas acerca de colaborar en el proceso de separaci\u00f3n selectiva de residuos, aunque tambi\u00e9n se observa cierta confusi\u00f3n en ellos ante la creencia de que los pl\u00e1sticos son incapaces de ser <strong>reciclados<\/strong>, agotan los vertederos e incluso son peligrosos en su incineraci\u00f3n.<\/p>\n<p><span style=\"color: #999999;\">Bibliograf\u00eda: Los pl\u00e1sticos y el tratamiento de sus res\u00edduos<\/span><\/p>\n","protected":false},"excerpt":{"rendered":"<p>Una vez que los pl\u00e1sticos han cumplido la misi\u00f3n para la que fueron creados, es decir, han finalizado su vida \u00fatil, nos desprendemos de ellos y pasan a formar parte del conjunto de residuos. En la \u00e9poca actual, los residuos del cualquier tipo entre los que se encuentran los residuos s\u00f3lidos, representan un factor importante &#8230; <a title=\"Gesti\u00f3n de residuos pl\u00e1sticos\" class=\"read-more\" href=\"https:\/\/tecnoeraser.es\/blog\/gestion-de-residuos-plasticos\/\" aria-label=\"Leer m\u00e1s sobre Gesti\u00f3n de residuos pl\u00e1sticos\">Leer m\u00e1s<\/a><\/p>\n","protected":false},"author":1,"featured_media":0,"comment_status":"closed","ping_status":"open","sticky":false,"template":"","format":"standard","meta":{"footnotes":""},"categories":[93],"tags":[],"class_list":["post-632","post","type-post","status-publish","format-standard","hentry","category-destruccion-stocks"],"_links":{"self":[{"href":"https:\/\/tecnoeraser.es\/blog\/wp-json\/wp\/v2\/posts\/632","targetHints":{"allow":["GET"]}}],"collection":[{"href":"https:\/\/tecnoeraser.es\/blog\/wp-json\/wp\/v2\/posts"}],"about":[{"href":"https:\/\/tecnoeraser.es\/blog\/wp-json\/wp\/v2\/types\/post"}],"author":[{"embeddable":true,"href":"https:\/\/tecnoeraser.es\/blog\/wp-json\/wp\/v2\/users\/1"}],"replies":[{"embeddable":true,"href":"https:\/\/tecnoeraser.es\/blog\/wp-json\/wp\/v2\/comments?post=632"}],"version-history":[{"count":23,"href":"https:\/\/tecnoeraser.es\/blog\/wp-json\/wp\/v2\/posts\/632\/revisions"}],"predecessor-version":[{"id":1636,"href":"https:\/\/tecnoeraser.es\/blog\/wp-json\/wp\/v2\/posts\/632\/revisions\/1636"}],"wp:attachment":[{"href":"https:\/\/tecnoeraser.es\/blog\/wp-json\/wp\/v2\/media?parent=632"}],"wp:term":[{"taxonomy":"category","embeddable":true,"href":"https:\/\/tecnoeraser.es\/blog\/wp-json\/wp\/v2\/categories?post=632"},{"taxonomy":"post_tag","embeddable":true,"href":"https:\/\/tecnoeraser.es\/blog\/wp-json\/wp\/v2\/tags?post=632"}],"curies":[{"name":"wp","href":"https:\/\/api.w.org\/{rel}","templated":true}]}}