{"id":2482,"date":"2014-04-16T16:18:18","date_gmt":"2014-04-16T15:18:18","guid":{"rendered":"http:\/\/tecnoeraser.es\/blog\/?p=2482"},"modified":"2025-11-04T14:51:47","modified_gmt":"2025-11-04T13:51:47","slug":"gestion-de-residuos-peligrosos-gestion-de-lodos","status":"publish","type":"post","link":"https:\/\/tecnoeraser.es\/blog\/gestion-de-residuos-peligrosos-gestion-de-lodos\/","title":{"rendered":"Nueva cita en Madrid para hablar de gesti\u00f3n de residuos peligrosos."},"content":{"rendered":"<p><a href=\"http:\/\/tecnoeraser.es\/blog\/gestion-de-residuos-peligrosos-gestion-de-lodos\/gestion-de-residuos-peligrosos-4\/\" rel=\"attachment wp-att-2483\"><img loading=\"lazy\" decoding=\"async\" class=\"aligncenter size-full wp-image-2483\" title=\"gesti\u00f3n de residuos peligrosos\" src=\"\/\/tecnoeraser.es\/blog\/wp-content\/uploads\/2014\/04\/gestion-de-residuos-peligrosos.jpg\" alt=\"gesti\u00f3n de residuos peligrosos\" width=\"400\" height=\"301\" srcset=\"https:\/\/tecnoeraser.es\/blog\/wp-content\/uploads\/2014\/04\/gestion-de-residuos-peligrosos.jpg 400w, https:\/\/tecnoeraser.es\/blog\/wp-content\/uploads\/2014\/04\/gestion-de-residuos-peligrosos-300x225.jpg 300w\" sizes=\"auto, (max-width: 400px) 100vw, 400px\" \/><\/a><\/p>\n<h1><a title=\"Gesti\u00f3n de residuos peligrosos\" href=\"http:\/\/tecnoeraser.es\/gestion-residuos-peligrosos\" target=\"_blank\">Gesti\u00f3n de residuos peligrosos, gesti\u00f3n de lodos<\/a><\/h1>\n<p>Otro a\u00f1o m\u00e1s, en la Feria Genera 2014, Feria Internacional de Energ\u00eda y Medio Ambiente, que tendr\u00e1 lugar los d\u00edas 7 y 8 de Mayo en el Centro de Congresos Norte de IFEMA en la sala N-106, se hablar\u00e1 sobre la <a title=\"gesti\u00f3n de residuos peligrosos\" href=\"http:\/\/tecnoeraser.es\/gestion-residuos-peligrosos\" target=\"_blank\"><strong>gesti\u00f3n de residuos peligrosos<\/strong><\/a>, concretamente la gesti\u00f3n de lodos de depuradora y sus beneficios energ\u00e9ticos.<\/p>\n<p>Fundamentalmente los puntos a tratar ser\u00e1n:<\/p>\n<ul>\n<li>Gesti\u00f3n de lodos de depuradora, criterios primordiales y fundamentales<\/li>\n<li>M\u00e9todos de gesti\u00f3n de lodos<\/li>\n<li>Estado de la producci\u00f3n de lodos<\/li>\n<li>Nuevas t\u00e9cnicas de gesti\u00f3n y valorizaci\u00f3n de lodos de depuradora.<\/li>\n<li>Encarecimiento energ\u00e9tico de los lodos de depuradora.<\/li>\n<\/ul>\n<p>Tambi\u00e9n se tocar\u00e1n temas tan importantes c\u00f3mo su gesti\u00f3n energ\u00e9tica:<\/p>\n<ul>\n<li>Estado actual en Espa\u00f1a y Europa en cuanto a gesti\u00f3n de lodos\u00a0t\u00e9rmica y biol\u00f3gica.<\/li>\n<li>As\u00ed como otras formas de tratar lodos como la gasificaci\u00f3n, la pirolisis, etc&#8230;<\/li>\n<li>Nuevas legislaciones y cumplimiento de estas en Europa.<\/li>\n<li>Subida energ\u00e9tica de la gesti\u00f3n de lodos\u00a0en Espa\u00f1a y Europa.<\/li>\n<\/ul>\n<p>De nuevo ser\u00e1 una ocasi\u00f3n perfecta para poder mantenerse informado y debatir entre empresas, centros de investigaci\u00f3n y universidades todos los avances, casos pr\u00e1cticos, etc en lo que a <a title=\"gesti\u00f3n de residuos peligrosos\" href=\"http:\/\/tecnoeraser.es\/gestion-residuos-peligrosos\" target=\"_blank\"><strong>gesti\u00f3n de residuos peligrosos<\/strong><\/a> se refiere y su m\u00e1ximo aprovechamiento en beneficio de todos<\/p>\n","protected":false},"excerpt":{"rendered":"<p>Gesti\u00f3n de residuos peligrosos, gesti\u00f3n de lodos Otro a\u00f1o m\u00e1s, en la Feria Genera 2014, Feria Internacional de Energ\u00eda y Medio Ambiente, que tendr\u00e1 lugar los d\u00edas 7 y 8 de Mayo en el Centro de Congresos Norte de IFEMA en la sala N-106, se hablar\u00e1 sobre la gesti\u00f3n de residuos peligrosos, concretamente la gesti\u00f3n &#8230; <a title=\"Nueva cita en Madrid para hablar de gesti\u00f3n de residuos peligrosos.\" class=\"read-more\" href=\"https:\/\/tecnoeraser.es\/blog\/gestion-de-residuos-peligrosos-gestion-de-lodos\/\" aria-label=\"Leer m\u00e1s sobre Nueva cita en Madrid para hablar de gesti\u00f3n de residuos peligrosos.\">Leer m\u00e1s<\/a><\/p>\n","protected":false},"author":1,"featured_media":0,"comment_status":"closed","ping_status":"open","sticky":false,"template":"","format":"standard","meta":{"footnotes":""},"categories":[98],"tags":[],"class_list":["post-2482","post","type-post","status-publish","format-standard","hentry","category-gestion-residuos-peligrosos"],"_links":{"self":[{"href":"https:\/\/tecnoeraser.es\/blog\/wp-json\/wp\/v2\/posts\/2482","targetHints":{"allow":["GET"]}}],"collection":[{"href":"https:\/\/tecnoeraser.es\/blog\/wp-json\/wp\/v2\/posts"}],"about":[{"href":"https:\/\/tecnoeraser.es\/blog\/wp-json\/wp\/v2\/types\/post"}],"author":[{"embeddable":true,"href":"https:\/\/tecnoeraser.es\/blog\/wp-json\/wp\/v2\/users\/1"}],"replies":[{"embeddable":true,"href":"https:\/\/tecnoeraser.es\/blog\/wp-json\/wp\/v2\/comments?post=2482"}],"version-history":[{"count":13,"href":"https:\/\/tecnoeraser.es\/blog\/wp-json\/wp\/v2\/posts\/2482\/revisions"}],"predecessor-version":[{"id":2558,"href":"https:\/\/tecnoeraser.es\/blog\/wp-json\/wp\/v2\/posts\/2482\/revisions\/2558"}],"wp:attachment":[{"href":"https:\/\/tecnoeraser.es\/blog\/wp-json\/wp\/v2\/media?parent=2482"}],"wp:term":[{"taxonomy":"category","embeddable":true,"href":"https:\/\/tecnoeraser.es\/blog\/wp-json\/wp\/v2\/categories?post=2482"},{"taxonomy":"post_tag","embeddable":true,"href":"https:\/\/tecnoeraser.es\/blog\/wp-json\/wp\/v2\/tags?post=2482"}],"curies":[{"name":"wp","href":"https:\/\/api.w.org\/{rel}","templated":true}]}}